{"id":994,"date":"2008-07-31T20:54:18","date_gmt":"2008-07-31T18:54:18","guid":{"rendered":"http:\/\/www.lolosquared.net\/photos\/?p=994"},"modified":"2022-12-25T17:09:09","modified_gmt":"2022-12-25T16:09:09","slug":"2008-03-vers-le-parc","status":"publish","type":"post","link":"https:\/\/www.lolosquared.net\/photos\/2008\/07\/2008-03-vers-le-parc\/","title":{"rendered":"2008 (03) Vers le parc Len\u00e7ois de Maranhenses"},"content":{"rendered":"\nngg_shortcode_0_placeholder\n","protected":false},"excerpt":{"rendered":"","protected":false},"author":1,"featured_media":19818,"comment_status":"open","ping_status":"open","sticky":false,"template":"","format":"standard","meta":{"saved_in_kubio":false,"advanced_seo_description":"","jetpack_seo_html_title":"","jetpack_seo_noindex":false,"ngg_post_thumbnail":7517,"jetpack_post_was_ever_published":false,"_jetpack_newsletter_access":"","_jetpack_dont_email_post_to_subs":false,"_jetpack_newsletter_tier_id":0,"_jetpack_memberships_contains_paywalled_content":false,"_jetpack_memberships_contains_paid_content":false,"footnotes":""},"categories":[14],"tags":[217,129,131],"class_list":["post-994","post","type-post","status-publish","format-standard","has-post-thumbnail","hentry","category-2008-bresil","tag-amerique-du-sud","tag-bresil","tag-lencois-de-maranhenses"],"jetpack_featured_media_url":"https:\/\/i0.wp.com\/www.lolosquared.net\/photos\/wp-content\/uploads\/2022\/12\/nggallery_import\/DSC_0034.jpg?fit=1024%2C681&ssl=1","jetpack_shortlink":"https:\/\/wp.me\/p9PnlP-g2","jetpack-related-posts":[{"id":1001,"url":"https:\/\/www.lolosquared.net\/photos\/2008\/07\/2008-05-parc-national-lencois-de-maranhenses\/","url_meta":{"origin":994,"position":0},"title":"2008 (05) Len\u00e7ois de Maranhenses","author":"laurent.fnq","date":"31 juillet 2008","format":false,"excerpt":"","rel":"","context":"Dans &quot;2008 Br\u00e9sil&quot;","block_context":{"text":"2008 Br\u00e9sil","link":"https:\/\/www.lolosquared.net\/photos\/category\/portfolio\/amerique-du-sud\/2008-bresil\/"},"img":{"alt_text":"","src":"https:\/\/i0.wp.com\/www.lolosquared.net\/photos\/wp-content\/uploads\/2022\/12\/nggallery_import\/DSC_0120.jpg?fit=1024%2C681&ssl=1&resize=350%2C200","width":350,"height":200,"srcset":"https:\/\/i0.wp.com\/www.lolosquared.net\/photos\/wp-content\/uploads\/2022\/12\/nggallery_import\/DSC_0120.jpg?fit=1024%2C681&ssl=1&resize=350%2C200 1x, https:\/\/i0.wp.com\/www.lolosquared.net\/photos\/wp-content\/uploads\/2022\/12\/nggallery_import\/DSC_0120.jpg?fit=1024%2C681&ssl=1&resize=525%2C300 1.5x, https:\/\/i0.wp.com\/www.lolosquared.net\/photos\/wp-content\/uploads\/2022\/12\/nggallery_import\/DSC_0120.jpg?fit=1024%2C681&ssl=1&resize=700%2C400 2x"},"classes":[]},{"id":998,"url":"https:\/\/www.lolosquared.net\/photos\/2008\/07\/2008-04-vers-le-parc\/","url_meta":{"origin":994,"position":1},"title":"2008 (04) Vers le Parc Len\u00e7ois de Maranhenses","author":"laurent.fnq","date":"31 juillet 2008","format":false,"excerpt":"","rel":"","context":"Dans &quot;2008 Br\u00e9sil&quot;","block_context":{"text":"2008 Br\u00e9sil","link":"https:\/\/www.lolosquared.net\/photos\/category\/portfolio\/amerique-du-sud\/2008-bresil\/"},"img":{"alt_text":"","src":"https:\/\/i0.wp.com\/www.lolosquared.net\/photos\/wp-content\/uploads\/2022\/12\/nggallery_import\/DSC_0105.jpg?fit=1024%2C681&ssl=1&resize=350%2C200","width":350,"height":200,"srcset":"https:\/\/i0.wp.com\/www.lolosquared.net\/photos\/wp-content\/uploads\/2022\/12\/nggallery_import\/DSC_0105.jpg?fit=1024%2C681&ssl=1&resize=350%2C200 1x, https:\/\/i0.wp.com\/www.lolosquared.net\/photos\/wp-content\/uploads\/2022\/12\/nggallery_import\/DSC_0105.jpg?fit=1024%2C681&ssl=1&resize=525%2C300 1.5x, https:\/\/i0.wp.com\/www.lolosquared.net\/photos\/wp-content\/uploads\/2022\/12\/nggallery_import\/DSC_0105.jpg?fit=1024%2C681&ssl=1&resize=700%2C400 2x"},"classes":[]},{"id":9667,"url":"https:\/\/www.lolosquared.net\/photos\/2015\/07\/2015-04-lencois-maranhenses-bresil\/","url_meta":{"origin":994,"position":2},"title":"2015 (04) Len\u00e7\u00f3is &#8211; Chapada Diamantina  (Br\u00e9sil)","author":"laurent.fnq","date":"28 juillet 2015","format":false,"excerpt":"","rel":"","context":"Dans &quot;2015 Br\u00e9sil&quot;","block_context":{"text":"2015 Br\u00e9sil","link":"https:\/\/www.lolosquared.net\/photos\/category\/portfolio\/amerique-du-sud\/2015-bresil\/"},"img":{"alt_text":"","src":"https:\/\/i0.wp.com\/www.lolosquared.net\/photos\/wp-content\/uploads\/2023\/01\/nggallery_import\/DSC0806.jpg?fit=1024%2C680&ssl=1&resize=350%2C200","width":350,"height":200,"srcset":"https:\/\/i0.wp.com\/www.lolosquared.net\/photos\/wp-content\/uploads\/2023\/01\/nggallery_import\/DSC0806.jpg?fit=1024%2C680&ssl=1&resize=350%2C200 1x, https:\/\/i0.wp.com\/www.lolosquared.net\/photos\/wp-content\/uploads\/2023\/01\/nggallery_import\/DSC0806.jpg?fit=1024%2C680&ssl=1&resize=525%2C300 1.5x, https:\/\/i0.wp.com\/www.lolosquared.net\/photos\/wp-content\/uploads\/2023\/01\/nggallery_import\/DSC0806.jpg?fit=1024%2C680&ssl=1&resize=700%2C400 2x"},"classes":[]},{"id":652,"url":"https:\/\/www.lolosquared.net\/photos\/2008\/07\/2008-02-jericoacoara\/","url_meta":{"origin":994,"position":3},"title":"2008 (02) Jericoacoara","author":"laurent.fnq","date":"31 juillet 2008","format":false,"excerpt":"","rel":"","context":"Dans &quot;2008 Br\u00e9sil&quot;","block_context":{"text":"2008 Br\u00e9sil","link":"https:\/\/www.lolosquared.net\/photos\/category\/portfolio\/amerique-du-sud\/2008-bresil\/"},"img":{"alt_text":"","src":"https:\/\/i0.wp.com\/www.lolosquared.net\/photos\/wp-content\/uploads\/2022\/12\/nggallery_import\/P1000229.jpg?fit=1024%2C680&ssl=1&resize=350%2C200","width":350,"height":200,"srcset":"https:\/\/i0.wp.com\/www.lolosquared.net\/photos\/wp-content\/uploads\/2022\/12\/nggallery_import\/P1000229.jpg?fit=1024%2C680&ssl=1&resize=350%2C200 1x, https:\/\/i0.wp.com\/www.lolosquared.net\/photos\/wp-content\/uploads\/2022\/12\/nggallery_import\/P1000229.jpg?fit=1024%2C680&ssl=1&resize=525%2C300 1.5x, https:\/\/i0.wp.com\/www.lolosquared.net\/photos\/wp-content\/uploads\/2022\/12\/nggallery_import\/P1000229.jpg?fit=1024%2C680&ssl=1&resize=700%2C400 2x"},"classes":[]},{"id":1007,"url":"https:\/\/www.lolosquared.net\/photos\/2008\/07\/2008-07-belem\/","url_meta":{"origin":994,"position":4},"title":"2008 (07) Belem","author":"laurent.fnq","date":"31 juillet 2008","format":false,"excerpt":"","rel":"","context":"Dans &quot;2008 Br\u00e9sil&quot;","block_context":{"text":"2008 Br\u00e9sil","link":"https:\/\/www.lolosquared.net\/photos\/category\/portfolio\/amerique-du-sud\/2008-bresil\/"},"img":{"alt_text":"","src":"https:\/\/i0.wp.com\/www.lolosquared.net\/photos\/wp-content\/uploads\/2022\/12\/nggallery_import\/DSC_0222.jpg?fit=1024%2C681&ssl=1&resize=350%2C200","width":350,"height":200,"srcset":"https:\/\/i0.wp.com\/www.lolosquared.net\/photos\/wp-content\/uploads\/2022\/12\/nggallery_import\/DSC_0222.jpg?fit=1024%2C681&ssl=1&resize=350%2C200 1x, https:\/\/i0.wp.com\/www.lolosquared.net\/photos\/wp-content\/uploads\/2022\/12\/nggallery_import\/DSC_0222.jpg?fit=1024%2C681&ssl=1&resize=525%2C300 1.5x, https:\/\/i0.wp.com\/www.lolosquared.net\/photos\/wp-content\/uploads\/2022\/12\/nggallery_import\/DSC_0222.jpg?fit=1024%2C681&ssl=1&resize=700%2C400 2x"},"classes":[]},{"id":1011,"url":"https:\/\/www.lolosquared.net\/photos\/2008\/07\/2008-08-buzios\/","url_meta":{"origin":994,"position":5},"title":"2008 (08) Buzios","author":"laurent.fnq","date":"31 juillet 2008","format":false,"excerpt":"","rel":"","context":"Dans &quot;2008 Br\u00e9sil&quot;","block_context":{"text":"2008 Br\u00e9sil","link":"https:\/\/www.lolosquared.net\/photos\/category\/portfolio\/amerique-du-sud\/2008-bresil\/"},"img":{"alt_text":"","src":"https:\/\/i0.wp.com\/www.lolosquared.net\/photos\/wp-content\/uploads\/2022\/12\/nggallery_import\/DSC_0266.jpg?fit=1024%2C681&ssl=1&resize=350%2C200","width":350,"height":200,"srcset":"https:\/\/i0.wp.com\/www.lolosquared.net\/photos\/wp-content\/uploads\/2022\/12\/nggallery_import\/DSC_0266.jpg?fit=1024%2C681&ssl=1&resize=350%2C200 1x, https:\/\/i0.wp.com\/www.lolosquared.net\/photos\/wp-content\/uploads\/2022\/12\/nggallery_import\/DSC_0266.jpg?fit=1024%2C681&ssl=1&resize=525%2C300 1.5x, https:\/\/i0.wp.com\/www.lolosquared.net\/photos\/wp-content\/uploads\/2022\/12\/nggallery_import\/DSC_0266.jpg?fit=1024%2C681&ssl=1&resize=700%2C400 2x"},"classes":[]}],"jetpack_sharing_enabled":true,"_links":{"self":[{"href":"https:\/\/www.lolosquared.net\/photos\/wp-json\/wp\/v2\/posts\/994","targetHints":{"allow":["GET"]}}],"collection":[{"href":"https:\/\/www.lolosquared.net\/photos\/wp-json\/wp\/v2\/posts"}],"about":[{"href":"https:\/\/www.lolosquared.net\/photos\/wp-json\/wp\/v2\/types\/post"}],"author":[{"embeddable":true,"href":"https:\/\/www.lolosquared.net\/photos\/wp-json\/wp\/v2\/users\/1"}],"replies":[{"embeddable":true,"href":"https:\/\/www.lolosquared.net\/photos\/wp-json\/wp\/v2\/comments?post=994"}],"version-history":[{"count":0,"href":"https:\/\/www.lolosquared.net\/photos\/wp-json\/wp\/v2\/posts\/994\/revisions"}],"wp:featuredmedia":[{"embeddable":true,"href":"https:\/\/www.lolosquared.net\/photos\/wp-json\/wp\/v2\/media\/19818"}],"wp:attachment":[{"href":"https:\/\/www.lolosquared.net\/photos\/wp-json\/wp\/v2\/media?parent=994"}],"wp:term":[{"taxonomy":"category","embeddable":true,"href":"https:\/\/www.lolosquared.net\/photos\/wp-json\/wp\/v2\/categories?post=994"},{"taxonomy":"post_tag","embeddable":true,"href":"https:\/\/www.lolosquared.net\/photos\/wp-json\/wp\/v2\/tags?post=994"}],"curies":[{"name":"wp","href":"https:\/\/api.w.org\/{rel}","templated":true}]}}